{"id":736,"date":"2025-04-30T10:04:00","date_gmt":"2025-04-30T08:04:00","guid":{"rendered":"https:\/\/aispja.com\/?p=13415"},"modified":"2025-05-19T14:00:30","modified_gmt":"2025-05-19T12:00:30","slug":"lepide-un-dispositif-qui-a-fait-ses-preuves","status":"publish","type":"post","link":"https:\/\/aispja.com\/la-courneuve\/2025\/04\/30\/lepide-un-dispositif-qui-a-fait-ses-preuves\/","title":{"rendered":"L&rsquo;EPIDE : un dispositif qui a fait ses preuves !"},"content":{"rendered":"\n<p>Qu&rsquo;est-ce que <a href=\"http:\/\/www.epide.fr\">l&rsquo;EPIDE <\/a>? Il s&rsquo;agit d&rsquo;un dispositif national dont la mission consiste \u00e0 favoriser l&rsquo;insertion professionnelle des jeunes. Bien qu&rsquo;il soit sous la tutelle du minist\u00e8re de l&rsquo;Emploi, le cadre est d&rsquo;inspiration militaire. C&rsquo;est notamment en cela que l&rsquo;EPIDE se distingue des autres dispositifs. Par exemple, le port de l&rsquo;uniforme est obligatoire. Il y a aussi un internat, une \u00e9ducation \u00e0 la citoyennet\u00e9, ainsi que des activit\u00e9s sportives.<\/p>\n\n\n\n<h4 class=\"wp-block-heading\">L&rsquo;EPIDE, pour qui ? <\/h4>\n\n\n\n<p>Les centres EPIDE accueillent des jeunes \u00e2g\u00e9s de 18 \u00e0 25 ans, et ce, jusqu&rsquo;\u00e0 un niveau bac non valid\u00e9. La formation dure de 8 \u00e0 24 mois, car un parcours individualis\u00e9 de d\u00e9couverte des m\u00e9tiers et de remise \u00e0 niveau est propos\u00e9. \u00c0 l&rsquo;EPIDE, il est possible de pr\u00e9parer un concours, comme de b\u00e9n\u00e9ficier de cours d&rsquo;anglais, de faire des stages, ou encore de passer le BAFA, le CACES, le SSIAP&#8230; Chaque participant per\u00e7oit une indemnisation pendant la dur\u00e9e du parcours. Il est \u00e9galement possible d&rsquo;obtenir des aides financi\u00e8res pour passer le permis de conduire.<\/p>\n\n\n\n<p>Enfin, il est \u00e0 noter que 50 % des jeunes qui ont int\u00e9gr\u00e9 l&rsquo;EPIDE sont soit en emploi, soit en formation qualifiante ou dipl\u00f4mante \u00e0 la fin de leur parcours.<\/p>\n\n\n\n<h4 class=\"wp-block-heading\">Un fort partenariat avec les missions locales<\/h4>\n\n\n\n<p>En partenariat avec l&rsquo;EPIDE de Montry, l&rsquo;AISPJA organise plusieurs fois dans l&rsquo;ann\u00e9e des informations collectives de recrutement. Pour participer \u00e0 ces informations collectives, l&rsquo;inscription est obligatoire. Elle se fait aupr\u00e8s de l&rsquo;accueil de la mission locale de votre ville ou par t\u00e9l\u00e9phone.<\/p>\n\n\n\n<p>Pour plus d&rsquo;informations, n&rsquo;h\u00e9sitez donc pas \u00e0 cliquer sur la plaquette de pr\u00e9sentation ou sur le lien ci-dessous ou encore \u00e0 contacter votre conseiller.\u00e8re mission locale.<\/p>\n\n\n\n<h5 class=\"wp-block-heading\">Pour toutes ces d\u00e9marches, la mission locale peut vous conseiller et vous accompagner, n&rsquo;h\u00e9sitez donc pas \u00e0 nous contacter.<\/h5>\n\n\n\n<p>Inscription \u00e0 la Mission Locale : <a href=\"https:\/\/aispja.com\/contact\/\">formulaire en ligne<\/a><\/p>\n\n\n\n<p>Par t\u00e9l\u00e9phone : 01 88 81 20 20<\/p>\n","protected":false},"excerpt":{"rendered":"<p>Qu&rsquo;est-ce que l&rsquo;EPIDE ?<\/p>\n","protected":false},"author":7,"featured_media":737,"comment_status":"closed","ping_status":"open","sticky":false,"template":"","format":"standard","meta":{"_et_pb_use_builder":"off","_et_pb_old_content":"","_et_gb_content_width":"","_crosspost_to_1":true,"_crosspost_to_2":true,"_crosspost_to_4":true,"footnotes":""},"categories":[6],"tags":[22,19,20],"class_list":["post-736","post","type-post","status-publish","format-standard","has-post-thumbnail","hentry","category-blog","tag-avenir","tag-formation","tag-jeunes"],"yoast_head":"<!-- This site is optimized with the Yoast SEO plugin v25.6 - https:\/\/yoast.com\/wordpress\/plugins\/seo\/ -->\n<title>L&#039;EPIDE : un dispositif qui a fait ses preuves ! - Mission Locale La Courneuve<\/title>\n<meta name=\"description\" content=\"Qu&#039;est-ce que l&#039;EPIDE ? C&#039;est un dispositif national destin\u00e9 \u00e0 favoriser l&#039;insertion professionnelle des jeunes.\" \/>\n<meta name=\"robots\" content=\"index, follow, max-snippet:-1, max-image-preview:large, max-video-preview:-1\" \/>\n<link rel=\"canonical\" href=\"https:\/\/aispja.com\/la-courneuve\/2025\/04\/30\/lepide-un-dispositif-qui-a-fait-ses-preuves\/\" \/>\n<meta property=\"og:locale\" content=\"fr_FR\" \/>\n<meta property=\"og:type\" content=\"article\" \/>\n<meta property=\"og:title\" content=\"L&#039;EPIDE : un dispositif qui a fait ses preuves ! - Mission Locale La Courneuve\" \/>\n<meta property=\"og:description\" content=\"Qu&#039;est-ce que l&#039;EPIDE ? C&#039;est un dispositif national destin\u00e9 \u00e0 favoriser l&#039;insertion professionnelle des jeunes.\" \/>\n<meta property=\"og:url\" content=\"https:\/\/aispja.com\/la-courneuve\/2025\/04\/30\/lepide-un-dispositif-qui-a-fait-ses-preuves\/\" \/>\n<meta property=\"og:site_name\" content=\"Mission Locale La Courneuve\" \/>\n<meta property=\"article:published_time\" content=\"2025-04-30T08:04:00+00:00\" \/>\n<meta property=\"article:modified_time\" content=\"2025-05-19T12:00:30+00:00\" \/>\n<meta property=\"og:image\" content=\"https:\/\/aispja.com\/la-courneuve\/wp-content\/uploads\/sites\/3\/2025\/04\/ACTU_WEB_1.png\" \/>\n\t<meta property=\"og:image:width\" content=\"800\" \/>\n\t<meta property=\"og:image:height\" content=\"450\" \/>\n\t<meta property=\"og:image:type\" content=\"image\/png\" \/>\n<meta name=\"author\" content=\"shoundjo\" \/>\n<meta name=\"twitter:card\" content=\"summary_large_image\" \/>\n<meta name=\"twitter:label1\" content=\"\u00c9crit par\" \/>\n\t<meta name=\"twitter:data1\" content=\"shoundjo\" \/>\n\t<meta name=\"twitter:label2\" content=\"Dur\u00e9e de lecture estim\u00e9e\" \/>\n\t<meta name=\"twitter:data2\" content=\"2 minutes\" \/>\n<script type=\"application\/ld+json\" class=\"yoast-schema-graph\">{\"@context\":\"https:\/\/schema.org\",\"@graph\":[{\"@type\":\"WebPage\",\"@id\":\"https:\/\/aispja.com\/la-courneuve\/2025\/04\/30\/lepide-un-dispositif-qui-a-fait-ses-preuves\/\",\"url\":\"https:\/\/aispja.com\/la-courneuve\/2025\/04\/30\/lepide-un-dispositif-qui-a-fait-ses-preuves\/\",\"name\":\"L'EPIDE : un dispositif qui a fait ses preuves ! - Mission Locale La Courneuve\",\"isPartOf\":{\"@id\":\"https:\/\/aispja.com\/la-courneuve\/#website\"},\"primaryImageOfPage\":{\"@id\":\"https:\/\/aispja.com\/la-courneuve\/2025\/04\/30\/lepide-un-dispositif-qui-a-fait-ses-preuves\/#primaryimage\"},\"image\":{\"@id\":\"https:\/\/aispja.com\/la-courneuve\/2025\/04\/30\/lepide-un-dispositif-qui-a-fait-ses-preuves\/#primaryimage\"},\"thumbnailUrl\":\"https:\/\/aispja.com\/la-courneuve\/wp-content\/uploads\/sites\/3\/2025\/04\/ACTU_WEB_1.png\",\"datePublished\":\"2025-04-30T08:04:00+00:00\",\"dateModified\":\"2025-05-19T12:00:30+00:00\",\"author\":{\"@id\":\"https:\/\/aispja.com\/la-courneuve\/#\/schema\/person\/f5b872374e298bfa58aeac2397f24034\"},\"description\":\"Qu'est-ce que l'EPIDE ? C'est un dispositif national destin\u00e9 \u00e0 favoriser l'insertion professionnelle des jeunes.\",\"breadcrumb\":{\"@id\":\"https:\/\/aispja.com\/la-courneuve\/2025\/04\/30\/lepide-un-dispositif-qui-a-fait-ses-preuves\/#breadcrumb\"},\"inLanguage\":\"fr-FR\",\"potentialAction\":[{\"@type\":\"ReadAction\",\"target\":[\"https:\/\/aispja.com\/la-courneuve\/2025\/04\/30\/lepide-un-dispositif-qui-a-fait-ses-preuves\/\"]}]},{\"@type\":\"ImageObject\",\"inLanguage\":\"fr-FR\",\"@id\":\"https:\/\/aispja.com\/la-courneuve\/2025\/04\/30\/lepide-un-dispositif-qui-a-fait-ses-preuves\/#primaryimage\",\"url\":\"https:\/\/aispja.com\/la-courneuve\/wp-content\/uploads\/sites\/3\/2025\/04\/ACTU_WEB_1.png\",\"contentUrl\":\"https:\/\/aispja.com\/la-courneuve\/wp-content\/uploads\/sites\/3\/2025\/04\/ACTU_WEB_1.png\",\"width\":800,\"height\":450,\"caption\":\"EPIDE\"},{\"@type\":\"BreadcrumbList\",\"@id\":\"https:\/\/aispja.com\/la-courneuve\/2025\/04\/30\/lepide-un-dispositif-qui-a-fait-ses-preuves\/#breadcrumb\",\"itemListElement\":[{\"@type\":\"ListItem\",\"position\":1,\"name\":\"Accueil\",\"item\":\"https:\/\/aispja.com\/la-courneuve\/\"},{\"@type\":\"ListItem\",\"position\":2,\"name\":\"L&rsquo;EPIDE : un dispositif qui a fait ses preuves !\"}]},{\"@type\":\"WebSite\",\"@id\":\"https:\/\/aispja.com\/la-courneuve\/#website\",\"url\":\"https:\/\/aispja.com\/la-courneuve\/\",\"name\":\"Mission Locale La Courneuve\",\"description\":\"\",\"potentialAction\":[{\"@type\":\"SearchAction\",\"target\":{\"@type\":\"EntryPoint\",\"urlTemplate\":\"https:\/\/aispja.com\/la-courneuve\/?s={search_term_string}\"},\"query-input\":{\"@type\":\"PropertyValueSpecification\",\"valueRequired\":true,\"valueName\":\"search_term_string\"}}],\"inLanguage\":\"fr-FR\"},{\"@type\":\"Person\",\"@id\":\"https:\/\/aispja.com\/la-courneuve\/#\/schema\/person\/f5b872374e298bfa58aeac2397f24034\",\"name\":\"shoundjo\",\"image\":{\"@type\":\"ImageObject\",\"inLanguage\":\"fr-FR\",\"@id\":\"https:\/\/aispja.com\/la-courneuve\/#\/schema\/person\/image\/\",\"url\":\"https:\/\/secure.gravatar.com\/avatar\/f98238b5ffc6f8684e02252a90a49c5a?s=96&d=mm&r=g\",\"contentUrl\":\"https:\/\/secure.gravatar.com\/avatar\/f98238b5ffc6f8684e02252a90a49c5a?s=96&d=mm&r=g\",\"caption\":\"shoundjo\"},\"url\":\"https:\/\/aispja.com\/la-courneuve\/author\/shoundjo\/\"}]}<\/script>\n<!-- \/ Yoast SEO plugin. -->","yoast_head_json":{"title":"L'EPIDE : un dispositif qui a fait ses preuves ! - Mission Locale La Courneuve","description":"Qu'est-ce que l'EPIDE ? C'est un dispositif national destin\u00e9 \u00e0 favoriser l'insertion professionnelle des jeunes.","robots":{"index":"index","follow":"follow","max-snippet":"max-snippet:-1","max-image-preview":"max-image-preview:large","max-video-preview":"max-video-preview:-1"},"canonical":"https:\/\/aispja.com\/la-courneuve\/2025\/04\/30\/lepide-un-dispositif-qui-a-fait-ses-preuves\/","og_locale":"fr_FR","og_type":"article","og_title":"L'EPIDE : un dispositif qui a fait ses preuves ! - Mission Locale La Courneuve","og_description":"Qu'est-ce que l'EPIDE ? C'est un dispositif national destin\u00e9 \u00e0 favoriser l'insertion professionnelle des jeunes.","og_url":"https:\/\/aispja.com\/la-courneuve\/2025\/04\/30\/lepide-un-dispositif-qui-a-fait-ses-preuves\/","og_site_name":"Mission Locale La Courneuve","article_published_time":"2025-04-30T08:04:00+00:00","article_modified_time":"2025-05-19T12:00:30+00:00","og_image":[{"width":800,"height":450,"url":"https:\/\/aispja.com\/la-courneuve\/wp-content\/uploads\/sites\/3\/2025\/04\/ACTU_WEB_1.png","type":"image\/png"}],"author":"shoundjo","twitter_card":"summary_large_image","twitter_misc":{"\u00c9crit par":"shoundjo","Dur\u00e9e de lecture estim\u00e9e":"2 minutes"},"schema":{"@context":"https:\/\/schema.org","@graph":[{"@type":"WebPage","@id":"https:\/\/aispja.com\/la-courneuve\/2025\/04\/30\/lepide-un-dispositif-qui-a-fait-ses-preuves\/","url":"https:\/\/aispja.com\/la-courneuve\/2025\/04\/30\/lepide-un-dispositif-qui-a-fait-ses-preuves\/","name":"L'EPIDE : un dispositif qui a fait ses preuves ! - Mission Locale La Courneuve","isPartOf":{"@id":"https:\/\/aispja.com\/la-courneuve\/#website"},"primaryImageOfPage":{"@id":"https:\/\/aispja.com\/la-courneuve\/2025\/04\/30\/lepide-un-dispositif-qui-a-fait-ses-preuves\/#primaryimage"},"image":{"@id":"https:\/\/aispja.com\/la-courneuve\/2025\/04\/30\/lepide-un-dispositif-qui-a-fait-ses-preuves\/#primaryimage"},"thumbnailUrl":"https:\/\/aispja.com\/la-courneuve\/wp-content\/uploads\/sites\/3\/2025\/04\/ACTU_WEB_1.png","datePublished":"2025-04-30T08:04:00+00:00","dateModified":"2025-05-19T12:00:30+00:00","author":{"@id":"https:\/\/aispja.com\/la-courneuve\/#\/schema\/person\/f5b872374e298bfa58aeac2397f24034"},"description":"Qu'est-ce que l'EPIDE ? C'est un dispositif national destin\u00e9 \u00e0 favoriser l'insertion professionnelle des jeunes.","breadcrumb":{"@id":"https:\/\/aispja.com\/la-courneuve\/2025\/04\/30\/lepide-un-dispositif-qui-a-fait-ses-preuves\/#breadcrumb"},"inLanguage":"fr-FR","potentialAction":[{"@type":"ReadAction","target":["https:\/\/aispja.com\/la-courneuve\/2025\/04\/30\/lepide-un-dispositif-qui-a-fait-ses-preuves\/"]}]},{"@type":"ImageObject","inLanguage":"fr-FR","@id":"https:\/\/aispja.com\/la-courneuve\/2025\/04\/30\/lepide-un-dispositif-qui-a-fait-ses-preuves\/#primaryimage","url":"https:\/\/aispja.com\/la-courneuve\/wp-content\/uploads\/sites\/3\/2025\/04\/ACTU_WEB_1.png","contentUrl":"https:\/\/aispja.com\/la-courneuve\/wp-content\/uploads\/sites\/3\/2025\/04\/ACTU_WEB_1.png","width":800,"height":450,"caption":"EPIDE"},{"@type":"BreadcrumbList","@id":"https:\/\/aispja.com\/la-courneuve\/2025\/04\/30\/lepide-un-dispositif-qui-a-fait-ses-preuves\/#breadcrumb","itemListElement":[{"@type":"ListItem","position":1,"name":"Accueil","item":"https:\/\/aispja.com\/la-courneuve\/"},{"@type":"ListItem","position":2,"name":"L&rsquo;EPIDE : un dispositif qui a fait ses preuves !"}]},{"@type":"WebSite","@id":"https:\/\/aispja.com\/la-courneuve\/#website","url":"https:\/\/aispja.com\/la-courneuve\/","name":"Mission Locale La Courneuve","description":"","potentialAction":[{"@type":"SearchAction","target":{"@type":"EntryPoint","urlTemplate":"https:\/\/aispja.com\/la-courneuve\/?s={search_term_string}"},"query-input":{"@type":"PropertyValueSpecification","valueRequired":true,"valueName":"search_term_string"}}],"inLanguage":"fr-FR"},{"@type":"Person","@id":"https:\/\/aispja.com\/la-courneuve\/#\/schema\/person\/f5b872374e298bfa58aeac2397f24034","name":"shoundjo","image":{"@type":"ImageObject","inLanguage":"fr-FR","@id":"https:\/\/aispja.com\/la-courneuve\/#\/schema\/person\/image\/","url":"https:\/\/secure.gravatar.com\/avatar\/f98238b5ffc6f8684e02252a90a49c5a?s=96&d=mm&r=g","contentUrl":"https:\/\/secure.gravatar.com\/avatar\/f98238b5ffc6f8684e02252a90a49c5a?s=96&d=mm&r=g","caption":"shoundjo"},"url":"https:\/\/aispja.com\/la-courneuve\/author\/shoundjo\/"}]}},"_links":{"self":[{"href":"https:\/\/aispja.com\/la-courneuve\/wp-json\/wp\/v2\/posts\/736"}],"collection":[{"href":"https:\/\/aispja.com\/la-courneuve\/wp-json\/wp\/v2\/posts"}],"about":[{"href":"https:\/\/aispja.com\/la-courneuve\/wp-json\/wp\/v2\/types\/post"}],"author":[{"embeddable":true,"href":"https:\/\/aispja.com\/la-courneuve\/wp-json\/wp\/v2\/users\/7"}],"replies":[{"embeddable":true,"href":"https:\/\/aispja.com\/la-courneuve\/wp-json\/wp\/v2\/comments?post=736"}],"version-history":[{"count":1,"href":"https:\/\/aispja.com\/la-courneuve\/wp-json\/wp\/v2\/posts\/736\/revisions"}],"predecessor-version":[{"id":756,"href":"https:\/\/aispja.com\/la-courneuve\/wp-json\/wp\/v2\/posts\/736\/revisions\/756"}],"wp:featuredmedia":[{"embeddable":true,"href":"https:\/\/aispja.com\/la-courneuve\/wp-json\/wp\/v2\/media\/737"}],"wp:attachment":[{"href":"https:\/\/aispja.com\/la-courneuve\/wp-json\/wp\/v2\/media?parent=736"}],"wp:term":[{"taxonomy":"category","embeddable":true,"href":"https:\/\/aispja.com\/la-courneuve\/wp-json\/wp\/v2\/categories?post=736"},{"taxonomy":"post_tag","embeddable":true,"href":"https:\/\/aispja.com\/la-courneuve\/wp-json\/wp\/v2\/tags?post=736"}],"curies":[{"name":"wp","href":"https:\/\/api.w.org\/{rel}","templated":true}]}}